{"id":1035,"date":"2021-07-13T17:57:26","date_gmt":"2021-07-13T15:57:26","guid":{"rendered":"http:\/\/concept-345.fr\/?p=1035"},"modified":"2021-10-27T13:39:02","modified_gmt":"2021-10-27T11:39:02","slug":"concept345-agrandit-ses-locaux","status":"publish","type":"post","link":"https:\/\/concept-345.fr\/index.php\/2021\/07\/13\/concept345-agrandit-ses-locaux\/","title":{"rendered":"CONCEPT345 agrandit ses locaux"},"content":{"rendered":"<p><span style=\"color: #000000;\">Marque fran\u00e7aise de conception, fabrication et commercialisation de machines de taille de charpente bois, cr\u00e9\u00e9 par l&#8217;entreprise Ceica, Concept345 agrandit se locaux pour r\u00e9pondre \u00e0 une demande croissante. <\/span><\/p>\n<p><span style=\"color: #000000;\">Ses comp\u00e9tences comprennent la m\u00e9canique, la programmation compl\u00e8te du logiciel de pilotage en passant par l\u2019automatisme, ce qui lui permet de ma\u00eetriser sa gamme de centres d\u2019usinage de charpente de A \u00e0 Z et de fournir un service et un suivi pertinent et efficace.\u00a0<\/span><\/p>\n<div id='gallery-1' class='gallery galleryid-1035 gallery-columns-2 gallery-size-large'><figure class='gallery-item'>\n\t\t\t<div class='gallery-icon landscape'>\n\t\t\t\t<a href='https:\/\/concept-345.fr\/index.php\/2021\/07\/13\/concept345-agrandit-ses-locaux\/20210615_144908\/'><img width=\"730\" height=\"548\" src=\"https:\/\/concept-345.fr\/wp-content\/uploads\/2021\/07\/20210615_144908-1024x768.jpg\" class=\"attachment-large size-large\" alt=\"\" decoding=\"async\" loading=\"lazy\" aria-describedby=\"gallery-1-1037\" srcset=\"https:\/\/concept-345.fr\/wp-content\/uploads\/2021\/07\/20210615_144908-1024x768.jpg 1024w, https:\/\/concept-345.fr\/wp-content\/uploads\/2021\/07\/20210615_144908-300x225.jpg 300w, https:\/\/concept-345.fr\/wp-content\/uploads\/2021\/07\/20210615_144908-768x576.jpg 768w, https:\/\/concept-345.fr\/wp-content\/uploads\/2021\/07\/20210615_144908-1536x1152.jpg 1536w, https:\/\/concept-345.fr\/wp-content\/uploads\/2021\/07\/20210615_144908-2048x1536.jpg 2048w\" sizes=\"(max-width: 730px) 100vw, 730px\" \/><\/a>\n\t\t\t<\/div>\n\t\t\t\t<figcaption class='wp-caption-text gallery-caption' id='gallery-1-1037'>\n\t\t\t\tExtension b\u00e2timent CONCEPT345\n\t\t\t\t<\/figcaption><\/figure><figure class='gallery-item'>\n\t\t\t<div class='gallery-icon landscape'>\n\t\t\t\t<a href='https:\/\/concept-345.fr\/index.php\/2021\/07\/13\/concept345-agrandit-ses-locaux\/20210615_144727\/'><img width=\"730\" height=\"548\" src=\"https:\/\/concept-345.fr\/wp-content\/uploads\/2021\/07\/20210615_144727-1024x768.jpg\" class=\"attachment-large size-large\" alt=\"\" decoding=\"async\" loading=\"lazy\" aria-describedby=\"gallery-1-1036\" srcset=\"https:\/\/concept-345.fr\/wp-content\/uploads\/2021\/07\/20210615_144727-1024x768.jpg 1024w, https:\/\/concept-345.fr\/wp-content\/uploads\/2021\/07\/20210615_144727-300x225.jpg 300w, https:\/\/concept-345.fr\/wp-content\/uploads\/2021\/07\/20210615_144727-768x576.jpg 768w, https:\/\/concept-345.fr\/wp-content\/uploads\/2021\/07\/20210615_144727-1536x1152.jpg 1536w, https:\/\/concept-345.fr\/wp-content\/uploads\/2021\/07\/20210615_144727-2048x1536.jpg 2048w\" sizes=\"(max-width: 730px) 100vw, 730px\" \/><\/a>\n\t\t\t<\/div>\n\t\t\t\t<figcaption class='wp-caption-text gallery-caption' id='gallery-1-1036'>\n\t\t\t\tMachine Flexi&#8217;taille en cours de montage\n\t\t\t\t<\/figcaption><\/figure>\n\t\t<\/div>\n\n<p><span style=\"color: #000000;\">A ce jour, Concept345 compte une dizaine de centres de taille de charpentes install\u00e9s et autant de clients satisfaits. L&#8217;objectif de cette jeune marque fran\u00e7aise est bien s\u00fbr de continuer son d\u00e9veloppement sur la base de son savoir-faire et d&#8217;une relation de proximit\u00e9 avec ses partenaires.<\/span><\/p>\n<p><span style=\"color: #000000;\">Source : <em>CMP Bois<\/em><\/span><\/p>\n","protected":false},"excerpt":{"rendered":"<p>Marque fran\u00e7aise de conception, fabrication et commercialisation de machines de taille de charpente bois, cr\u00e9\u00e9 par l&#8217;entreprise Ceica, Concept345 agrandit se locaux pour r\u00e9pondre \u00e0 une demande croissante. Ses comp\u00e9tences comprennent la m\u00e9canique, la programmation compl\u00e8te du logiciel de pilotage en passant par l\u2019automatisme, ce qui lui permet de ma\u00eetriser sa gamme de centres d\u2019usinage<span class=\"read-more-wrap\"><a class=\"moretag\" href=\"https:\/\/concept-345.fr\/index.php\/2021\/07\/13\/concept345-agrandit-ses-locaux\/\">Lire la suite<span class=\"screen-reader-text\">CONCEPT345 agrandit ses locaux<\/span><\/a><\/span><\/p>\n","protected":false},"author":4,"featured_media":1037,"comment_status":"open","ping_status":"open","sticky":false,"template":"","format":"standard","meta":{"_mi_skip_tracking":false},"categories":[40],"tags":[63,65,59,15,60,61,58,62,64],"yoast_head":"<!-- This site is optimized with the Yoast SEO plugin v19.14 - https:\/\/yoast.com\/wordpress\/plugins\/seo\/ -->\n<title>CONCEPT345 agrandit ses locaux - CONCEPT345<\/title>\n<meta name=\"description\" content=\"Concept345 agrandit se locaux pour r\u00e9pondre \u00e0 une demande croissante. A ce jour, Concept345 compte une dizaine de centres de taille de charpentes install\u00e9s et autant de clients satisfaits. L&#039;objectif de cette jeune marque fran\u00e7aise est bien s\u00fbr de continuer son d\u00e9veloppement sur la base de son savoir-faire et d&#039;une relation de proximit\u00e9 avec ses partenaires.\" \/>\n<meta name=\"robots\" content=\"index, follow, max-snippet:-1, max-image-preview:large, max-video-preview:-1\" \/>\n<link rel=\"canonical\" href=\"https:\/\/concept-345.fr\/index.php\/2021\/07\/13\/concept345-agrandit-ses-locaux\/\" \/>\n<meta property=\"og:locale\" content=\"fr_FR\" \/>\n<meta property=\"og:type\" content=\"article\" \/>\n<meta property=\"og:title\" content=\"CONCEPT345 agrandit ses locaux - CONCEPT345\" \/>\n<meta property=\"og:description\" content=\"Concept345 agrandit se locaux pour r\u00e9pondre \u00e0 une demande croissante. A ce jour, Concept345 compte une dizaine de centres de taille de charpentes install\u00e9s et autant de clients satisfaits. L&#039;objectif de cette jeune marque fran\u00e7aise est bien s\u00fbr de continuer son d\u00e9veloppement sur la base de son savoir-faire et d&#039;une relation de proximit\u00e9 avec ses partenaires.\" \/>\n<meta property=\"og:url\" content=\"https:\/\/concept-345.fr\/index.php\/2021\/07\/13\/concept345-agrandit-ses-locaux\/\" \/>\n<meta property=\"og:site_name\" content=\"CONCEPT345\" \/>\n<meta property=\"article:published_time\" content=\"2021-07-13T15:57:26+00:00\" \/>\n<meta property=\"article:modified_time\" content=\"2021-10-27T11:39:02+00:00\" \/>\n<meta property=\"og:image\" content=\"https:\/\/concept-345.fr\/wp-content\/uploads\/2021\/07\/20210615_144908-scaled.jpg\" \/>\n\t<meta property=\"og:image:width\" content=\"2560\" \/>\n\t<meta property=\"og:image:height\" content=\"1920\" \/>\n\t<meta property=\"og:image:type\" content=\"image\/jpeg\" \/>\n<meta name=\"author\" content=\"Julien Charnay\" \/>\n<meta name=\"twitter:card\" content=\"summary_large_image\" \/>\n<meta name=\"twitter:label1\" content=\"\u00c9crit par\" \/>\n\t<meta name=\"twitter:data1\" content=\"Julien Charnay\" \/>\n\t<meta name=\"twitter:label2\" content=\"Dur\u00e9e de lecture estim\u00e9e\" \/>\n\t<meta name=\"twitter:data2\" content=\"1 minute\" \/>\n<script type=\"application\/ld+json\" class=\"yoast-schema-graph\">{\"@context\":\"https:\/\/schema.org\",\"@graph\":[{\"@type\":\"WebPage\",\"@id\":\"https:\/\/concept-345.fr\/index.php\/2021\/07\/13\/concept345-agrandit-ses-locaux\/\",\"url\":\"https:\/\/concept-345.fr\/index.php\/2021\/07\/13\/concept345-agrandit-ses-locaux\/\",\"name\":\"CONCEPT345 agrandit ses locaux - CONCEPT345\",\"isPartOf\":{\"@id\":\"https:\/\/concept-345.fr\/#website\"},\"datePublished\":\"2021-07-13T15:57:26+00:00\",\"dateModified\":\"2021-10-27T11:39:02+00:00\",\"author\":{\"@id\":\"https:\/\/concept-345.fr\/#\/schema\/person\/db77bd18e2479bfaaf469dcf202a1a0a\"},\"description\":\"Concept345 agrandit se locaux pour r\u00e9pondre \u00e0 une demande croissante. A ce jour, Concept345 compte une dizaine de centres de taille de charpentes install\u00e9s et autant de clients satisfaits. L'objectif de cette jeune marque fran\u00e7aise est bien s\u00fbr de continuer son d\u00e9veloppement sur la base de son savoir-faire et d'une relation de proximit\u00e9 avec ses partenaires.\",\"breadcrumb\":{\"@id\":\"https:\/\/concept-345.fr\/index.php\/2021\/07\/13\/concept345-agrandit-ses-locaux\/#breadcrumb\"},\"inLanguage\":\"fr-FR\",\"potentialAction\":[{\"@type\":\"ReadAction\",\"target\":[\"https:\/\/concept-345.fr\/index.php\/2021\/07\/13\/concept345-agrandit-ses-locaux\/\"]}]},{\"@type\":\"BreadcrumbList\",\"@id\":\"https:\/\/concept-345.fr\/index.php\/2021\/07\/13\/concept345-agrandit-ses-locaux\/#breadcrumb\",\"itemListElement\":[{\"@type\":\"ListItem\",\"position\":1,\"name\":\"Accueil\",\"item\":\"https:\/\/concept-345.fr\/\"},{\"@type\":\"ListItem\",\"position\":2,\"name\":\"CONCEPT345 agrandit ses locaux\"}]},{\"@type\":\"WebSite\",\"@id\":\"https:\/\/concept-345.fr\/#website\",\"url\":\"https:\/\/concept-345.fr\/\",\"name\":\"CONCEPT345\",\"description\":\"FABRICANT FRAN\u00c7AIS DE CENTRE D&#039;USINAGE DE CHARPENTE BOIS\",\"potentialAction\":[{\"@type\":\"SearchAction\",\"target\":{\"@type\":\"EntryPoint\",\"urlTemplate\":\"https:\/\/concept-345.fr\/?s={search_term_string}\"},\"query-input\":\"required name=search_term_string\"}],\"inLanguage\":\"fr-FR\"},{\"@type\":\"Person\",\"@id\":\"https:\/\/concept-345.fr\/#\/schema\/person\/db77bd18e2479bfaaf469dcf202a1a0a\",\"name\":\"Julien Charnay\",\"image\":{\"@type\":\"ImageObject\",\"inLanguage\":\"fr-FR\",\"@id\":\"https:\/\/concept-345.fr\/#\/schema\/person\/image\/\",\"url\":\"https:\/\/secure.gravatar.com\/avatar\/8d8c00694ae7c205117cb97a7572b21e?s=96&d=mm&r=g\",\"contentUrl\":\"https:\/\/secure.gravatar.com\/avatar\/8d8c00694ae7c205117cb97a7572b21e?s=96&d=mm&r=g\",\"caption\":\"Julien Charnay\"},\"sameAs\":[\"http:\/\/concept-345.fr\"],\"url\":\"https:\/\/concept-345.fr\/index.php\/author\/julien\/\"}]}<\/script>\n<!-- \/ Yoast SEO plugin. -->","yoast_head_json":{"title":"CONCEPT345 agrandit ses locaux - CONCEPT345","description":"Concept345 agrandit se locaux pour r\u00e9pondre \u00e0 une demande croissante. A ce jour, Concept345 compte une dizaine de centres de taille de charpentes install\u00e9s et autant de clients satisfaits. L'objectif de cette jeune marque fran\u00e7aise est bien s\u00fbr de continuer son d\u00e9veloppement sur la base de son savoir-faire et d'une relation de proximit\u00e9 avec ses partenaires.","robots":{"index":"index","follow":"follow","max-snippet":"max-snippet:-1","max-image-preview":"max-image-preview:large","max-video-preview":"max-video-preview:-1"},"canonical":"https:\/\/concept-345.fr\/index.php\/2021\/07\/13\/concept345-agrandit-ses-locaux\/","og_locale":"fr_FR","og_type":"article","og_title":"CONCEPT345 agrandit ses locaux - CONCEPT345","og_description":"Concept345 agrandit se locaux pour r\u00e9pondre \u00e0 une demande croissante. A ce jour, Concept345 compte une dizaine de centres de taille de charpentes install\u00e9s et autant de clients satisfaits. L'objectif de cette jeune marque fran\u00e7aise est bien s\u00fbr de continuer son d\u00e9veloppement sur la base de son savoir-faire et d'une relation de proximit\u00e9 avec ses partenaires.","og_url":"https:\/\/concept-345.fr\/index.php\/2021\/07\/13\/concept345-agrandit-ses-locaux\/","og_site_name":"CONCEPT345","article_published_time":"2021-07-13T15:57:26+00:00","article_modified_time":"2021-10-27T11:39:02+00:00","og_image":[{"width":2560,"height":1920,"url":"https:\/\/concept-345.fr\/wp-content\/uploads\/2021\/07\/20210615_144908-scaled.jpg","type":"image\/jpeg"}],"author":"Julien Charnay","twitter_card":"summary_large_image","twitter_misc":{"\u00c9crit par":"Julien Charnay","Dur\u00e9e de lecture estim\u00e9e":"1 minute"},"schema":{"@context":"https:\/\/schema.org","@graph":[{"@type":"WebPage","@id":"https:\/\/concept-345.fr\/index.php\/2021\/07\/13\/concept345-agrandit-ses-locaux\/","url":"https:\/\/concept-345.fr\/index.php\/2021\/07\/13\/concept345-agrandit-ses-locaux\/","name":"CONCEPT345 agrandit ses locaux - CONCEPT345","isPartOf":{"@id":"https:\/\/concept-345.fr\/#website"},"datePublished":"2021-07-13T15:57:26+00:00","dateModified":"2021-10-27T11:39:02+00:00","author":{"@id":"https:\/\/concept-345.fr\/#\/schema\/person\/db77bd18e2479bfaaf469dcf202a1a0a"},"description":"Concept345 agrandit se locaux pour r\u00e9pondre \u00e0 une demande croissante. A ce jour, Concept345 compte une dizaine de centres de taille de charpentes install\u00e9s et autant de clients satisfaits. L'objectif de cette jeune marque fran\u00e7aise est bien s\u00fbr de continuer son d\u00e9veloppement sur la base de son savoir-faire et d'une relation de proximit\u00e9 avec ses partenaires.","breadcrumb":{"@id":"https:\/\/concept-345.fr\/index.php\/2021\/07\/13\/concept345-agrandit-ses-locaux\/#breadcrumb"},"inLanguage":"fr-FR","potentialAction":[{"@type":"ReadAction","target":["https:\/\/concept-345.fr\/index.php\/2021\/07\/13\/concept345-agrandit-ses-locaux\/"]}]},{"@type":"BreadcrumbList","@id":"https:\/\/concept-345.fr\/index.php\/2021\/07\/13\/concept345-agrandit-ses-locaux\/#breadcrumb","itemListElement":[{"@type":"ListItem","position":1,"name":"Accueil","item":"https:\/\/concept-345.fr\/"},{"@type":"ListItem","position":2,"name":"CONCEPT345 agrandit ses locaux"}]},{"@type":"WebSite","@id":"https:\/\/concept-345.fr\/#website","url":"https:\/\/concept-345.fr\/","name":"CONCEPT345","description":"FABRICANT FRAN\u00c7AIS DE CENTRE D&#039;USINAGE DE CHARPENTE BOIS","potentialAction":[{"@type":"SearchAction","target":{"@type":"EntryPoint","urlTemplate":"https:\/\/concept-345.fr\/?s={search_term_string}"},"query-input":"required name=search_term_string"}],"inLanguage":"fr-FR"},{"@type":"Person","@id":"https:\/\/concept-345.fr\/#\/schema\/person\/db77bd18e2479bfaaf469dcf202a1a0a","name":"Julien Charnay","image":{"@type":"ImageObject","inLanguage":"fr-FR","@id":"https:\/\/concept-345.fr\/#\/schema\/person\/image\/","url":"https:\/\/secure.gravatar.com\/avatar\/8d8c00694ae7c205117cb97a7572b21e?s=96&d=mm&r=g","contentUrl":"https:\/\/secure.gravatar.com\/avatar\/8d8c00694ae7c205117cb97a7572b21e?s=96&d=mm&r=g","caption":"Julien Charnay"},"sameAs":["http:\/\/concept-345.fr"],"url":"https:\/\/concept-345.fr\/index.php\/author\/julien\/"}]}},"_links":{"self":[{"href":"https:\/\/concept-345.fr\/index.php\/wp-json\/wp\/v2\/posts\/1035"}],"collection":[{"href":"https:\/\/concept-345.fr\/index.php\/wp-json\/wp\/v2\/posts"}],"about":[{"href":"https:\/\/concept-345.fr\/index.php\/wp-json\/wp\/v2\/types\/post"}],"author":[{"embeddable":true,"href":"https:\/\/concept-345.fr\/index.php\/wp-json\/wp\/v2\/users\/4"}],"replies":[{"embeddable":true,"href":"https:\/\/concept-345.fr\/index.php\/wp-json\/wp\/v2\/comments?post=1035"}],"version-history":[{"count":12,"href":"https:\/\/concept-345.fr\/index.php\/wp-json\/wp\/v2\/posts\/1035\/revisions"}],"predecessor-version":[{"id":1099,"href":"https:\/\/concept-345.fr\/index.php\/wp-json\/wp\/v2\/posts\/1035\/revisions\/1099"}],"wp:featuredmedia":[{"embeddable":true,"href":"https:\/\/concept-345.fr\/index.php\/wp-json\/wp\/v2\/media\/1037"}],"wp:attachment":[{"href":"https:\/\/concept-345.fr\/index.php\/wp-json\/wp\/v2\/media?parent=1035"}],"wp:term":[{"taxonomy":"category","embeddable":true,"href":"https:\/\/concept-345.fr\/index.php\/wp-json\/wp\/v2\/categories?post=1035"},{"taxonomy":"post_tag","embeddable":true,"href":"https:\/\/concept-345.fr\/index.php\/wp-json\/wp\/v2\/tags?post=1035"}],"curies":[{"name":"wp","href":"https:\/\/api.w.org\/{rel}","templated":true}]}}