{"id":558,"date":"2016-05-08T12:31:34","date_gmt":"2016-05-08T10:31:34","guid":{"rendered":"http:\/\/concept-345.fr\/?p=558"},"modified":"2021-10-27T13:39:31","modified_gmt":"2021-10-27T11:39:31","slug":"concept-345-a-installe-un-premier-centre-de-taille-de-charpentes-en-savoie","status":"publish","type":"post","link":"https:\/\/concept-345.fr\/index.php\/2016\/05\/08\/concept-345-a-installe-un-premier-centre-de-taille-de-charpentes-en-savoie\/","title":{"rendered":"CONCEPT345 a install\u00e9 un premier centre de taille de charpentes en Savoie"},"content":{"rendered":"<div class=\"texavart\"><span style=\"color: #000000;\">Sp\u00e9cialis\u00e9e depuis 1996 dans la conception et la fabrication de machines sur mesure, la Sarl Ceica d\u00e9veloppe depuis 2010 sa gamme de centres de taille de charpente baptis\u00e9e Concept 345. Celle-ci est compos\u00e9e de trois machines : la Maxi\u2019Taille, la Flexi\u2019Taille et la Mini\u2019Taille qui partagent toutes trois le m\u00eame agr\u00e9gat polyvalent \u00e0 5 axes et changement d\u2019outil automatique.<\/span><\/div>\n<p>&nbsp;<\/p>\n<div align=\"left\">\n<p><span style=\"color: #000000;\"><img decoding=\"async\" src=\"http:\/\/www.cmpbois.com\/photos\/20160412-ceica-concept-345-maxi-taille.jpg\" alt=\"Le fabricant de machines Ceica a install\u00e9 son premier centre d'usinage de charpentes Concept 345 Maxi'Taille en Savoie\" width=\"620\" \/><\/span><\/p>\n<div class=\"legendphoto\"><span style=\"color: #000000;\">La premi\u00e8re Concept 345 Maxi&#8217;Taille vient d&#8217;\u00eatre install\u00e9e en Savoie<\/span><br \/>\n<span style=\"color: #000000;\"> <i>cr\u00e9dit photo : Concept 345<\/i><\/span><\/div>\n<\/div>\n<div class=\"texavart\">\n<p><br class=\"clearfloat\" \/><span style=\"font-family: Arial, Helvetica, sans-serif; font-size: medium; color: #000000;\"><b>La premi\u00e8re Concept 345 Maxi\u2019Taille a \u00e9t\u00e9 install\u00e9e en Savoie.<\/b><\/span><\/p>\n<p><span style=\"color: #000000;\">Equip\u00e9e d\u2019un syst\u00e8me d\u2019entra\u00eenement \u00e0 pinces, la Maxi\u2019Taille usine des sections allant jusqu\u2019\u00e0 250 x 600 mm et dispose d\u2019une scie sous table qui peut \u00eatre compl\u00e9t\u00e9e par un agr\u00e9gat 5 axes dot\u00e9 d\u2019une cha\u00eene \u00e0 mortaiser. La premi\u00e8re Maxi\u2019Taille, en photo ci-dessus, vient d\u2019\u00eatre install\u00e9e dans une entreprise de charpente en Savoie. Dans sa gamme, Concept 345 propose aussi la Flexi&#8217;Taille, aux prestations similaires \u00e0 celles de la Maxi&#8217;Taille, mais qui se limite aux sections de bois de 240 x 350 mm.\u00a0<\/span><br class=\"clearfloat\" \/><span style=\"font-family: Arial, Helvetica, sans-serif; font-size: medium; color: #000000;\"><b>La Mini&#8217;Taille de Concept 345 est une machine originale sur le march\u00e9 des centres d&#8217;usinage de charpentes.<\/b><\/span><\/p>\n<p><span style=\"color: #000000;\">Originalit\u00e9 sur le march\u00e9 des centres d\u2019usinage de charpente, la Mini\u2019Taille est con\u00e7ue avec un syst\u00e8me de d\u00e9placement limit\u00e9 \u00e0 l\u2019usinage. Les bois sont positionn\u00e9s manuellement, pr\u00e9alablement mis \u00e0 longueur. Une fois la taille effectu\u00e9e par l\u2019agr\u00e9gat \u00e0 5 axes, la machine lib\u00e8re la pi\u00e8ce de bois. Ce concept de machine plus simple permet de proposer des prix tr\u00e8s attractifs.<\/span><br class=\"clearfloat\" \/><span style=\"font-family: Arial, Helvetica, sans-serif; font-size: medium; color: #000000;\"><b>La Sarl Ceica r\u00e9alise aussi int\u00e9gralement la partie logiciel de sa gamme Concept 345.<\/b><\/span><\/p>\n<p><span style=\"color: #000000;\">Install\u00e9e en Sa\u00f4ne-et-Loire, l\u2019entreprise Ceica fabrique sur place et r\u00e9alise aussi l\u2019ensemble de la partie logiciel de pilotage avec une interface conviviale directement programmable ou interfac\u00e9e avec tous les logiciels du march\u00e9 au format BTL.\u00a0<i>(08\/05\/2016)<\/i><\/span><\/p>\n<\/div>\n<div><\/div>\n<div><a href=\"http:\/\/www.cmpbois.com\/articles\/ceica-sarl-concept-345-maxi-taille-en-savoie.html\">Article CMP bois<\/a><\/div>\n","protected":false},"excerpt":{"rendered":"<p>Sp\u00e9cialis\u00e9e depuis 1996 dans la conception et la fabrication de machines sur mesure, la Sarl Ceica d\u00e9veloppe depuis 2010 sa gamme de centres de taille de charpente baptis\u00e9e Concept 345. Celle-ci est compos\u00e9e de trois machines : la Maxi\u2019Taille, la Flexi\u2019Taille et la Mini\u2019Taille qui partagent toutes trois le m\u00eame agr\u00e9gat polyvalent \u00e0 5 axes<span class=\"read-more-wrap\"><a class=\"moretag\" href=\"https:\/\/concept-345.fr\/index.php\/2016\/05\/08\/concept-345-a-installe-un-premier-centre-de-taille-de-charpentes-en-savoie\/\">Lire la suite<span class=\"screen-reader-text\">CONCEPT345 a install\u00e9 un premier centre de taille de charpentes en Savoie<\/span><\/a><\/span><\/p>\n","protected":false},"author":4,"featured_media":562,"comment_status":"closed","ping_status":"open","sticky":false,"template":"","format":"standard","meta":{"_mi_skip_tracking":false},"categories":[1],"tags":[12,14,13],"yoast_head":"<!-- This site is optimized with the Yoast SEO plugin v19.14 - https:\/\/yoast.com\/wordpress\/plugins\/seo\/ -->\n<title>CONCEPT345 a install\u00e9 un premier centre de taille de charpentes en Savoie - CONCEPT345<\/title>\n<meta name=\"robots\" content=\"index, follow, max-snippet:-1, max-image-preview:large, max-video-preview:-1\" \/>\n<link rel=\"canonical\" href=\"https:\/\/concept-345.fr\/index.php\/2016\/05\/08\/concept-345-a-installe-un-premier-centre-de-taille-de-charpentes-en-savoie\/\" \/>\n<meta property=\"og:locale\" content=\"fr_FR\" \/>\n<meta property=\"og:type\" content=\"article\" \/>\n<meta property=\"og:title\" content=\"CONCEPT345 a install\u00e9 un premier centre de taille de charpentes en Savoie - CONCEPT345\" \/>\n<meta property=\"og:description\" content=\"Sp\u00e9cialis\u00e9e depuis 1996 dans la conception et la fabrication de machines sur mesure, la Sarl Ceica d\u00e9veloppe depuis 2010 sa gamme de centres de taille de charpente baptis\u00e9e Concept 345. Celle-ci est compos\u00e9e de trois machines : la Maxi\u2019Taille, la Flexi\u2019Taille et la Mini\u2019Taille qui partagent toutes trois le m\u00eame agr\u00e9gat polyvalent \u00e0 5 axesLire la suiteCONCEPT345 a install\u00e9 un premier centre de taille de charpentes en Savoie\" \/>\n<meta property=\"og:url\" content=\"https:\/\/concept-345.fr\/index.php\/2016\/05\/08\/concept-345-a-installe-un-premier-centre-de-taille-de-charpentes-en-savoie\/\" \/>\n<meta property=\"og:site_name\" content=\"CONCEPT345\" \/>\n<meta property=\"article:published_time\" content=\"2016-05-08T10:31:34+00:00\" \/>\n<meta property=\"article:modified_time\" content=\"2021-10-27T11:39:31+00:00\" \/>\n<meta property=\"og:image\" content=\"https:\/\/concept-345.fr\/wp-content\/uploads\/2016\/05\/20160412-ceica-concept-345-maxi-taille.jpg\" \/>\n\t<meta property=\"og:image:width\" content=\"620\" \/>\n\t<meta property=\"og:image:height\" content=\"414\" \/>\n\t<meta property=\"og:image:type\" content=\"image\/jpeg\" \/>\n<meta name=\"author\" content=\"Julien Charnay\" \/>\n<meta name=\"twitter:card\" content=\"summary_large_image\" \/>\n<meta name=\"twitter:label1\" content=\"\u00c9crit par\" \/>\n\t<meta name=\"twitter:data1\" content=\"Julien Charnay\" \/>\n\t<meta name=\"twitter:label2\" content=\"Dur\u00e9e de lecture estim\u00e9e\" \/>\n\t<meta name=\"twitter:data2\" content=\"2 minutes\" \/>\n<script type=\"application\/ld+json\" class=\"yoast-schema-graph\">{\"@context\":\"https:\/\/schema.org\",\"@graph\":[{\"@type\":\"WebPage\",\"@id\":\"https:\/\/concept-345.fr\/index.php\/2016\/05\/08\/concept-345-a-installe-un-premier-centre-de-taille-de-charpentes-en-savoie\/\",\"url\":\"https:\/\/concept-345.fr\/index.php\/2016\/05\/08\/concept-345-a-installe-un-premier-centre-de-taille-de-charpentes-en-savoie\/\",\"name\":\"CONCEPT345 a install\u00e9 un premier centre de taille de charpentes en Savoie - CONCEPT345\",\"isPartOf\":{\"@id\":\"https:\/\/concept-345.fr\/#website\"},\"datePublished\":\"2016-05-08T10:31:34+00:00\",\"dateModified\":\"2021-10-27T11:39:31+00:00\",\"author\":{\"@id\":\"https:\/\/concept-345.fr\/#\/schema\/person\/db77bd18e2479bfaaf469dcf202a1a0a\"},\"breadcrumb\":{\"@id\":\"https:\/\/concept-345.fr\/index.php\/2016\/05\/08\/concept-345-a-installe-un-premier-centre-de-taille-de-charpentes-en-savoie\/#breadcrumb\"},\"inLanguage\":\"fr-FR\",\"potentialAction\":[{\"@type\":\"ReadAction\",\"target\":[\"https:\/\/concept-345.fr\/index.php\/2016\/05\/08\/concept-345-a-installe-un-premier-centre-de-taille-de-charpentes-en-savoie\/\"]}]},{\"@type\":\"BreadcrumbList\",\"@id\":\"https:\/\/concept-345.fr\/index.php\/2016\/05\/08\/concept-345-a-installe-un-premier-centre-de-taille-de-charpentes-en-savoie\/#breadcrumb\",\"itemListElement\":[{\"@type\":\"ListItem\",\"position\":1,\"name\":\"Accueil\",\"item\":\"https:\/\/concept-345.fr\/\"},{\"@type\":\"ListItem\",\"position\":2,\"name\":\"CONCEPT345 a install\u00e9 un premier centre de taille de charpentes en Savoie\"}]},{\"@type\":\"WebSite\",\"@id\":\"https:\/\/concept-345.fr\/#website\",\"url\":\"https:\/\/concept-345.fr\/\",\"name\":\"CONCEPT345\",\"description\":\"FABRICANT FRAN\u00c7AIS DE CENTRE D&#039;USINAGE DE CHARPENTE BOIS\",\"potentialAction\":[{\"@type\":\"SearchAction\",\"target\":{\"@type\":\"EntryPoint\",\"urlTemplate\":\"https:\/\/concept-345.fr\/?s={search_term_string}\"},\"query-input\":\"required name=search_term_string\"}],\"inLanguage\":\"fr-FR\"},{\"@type\":\"Person\",\"@id\":\"https:\/\/concept-345.fr\/#\/schema\/person\/db77bd18e2479bfaaf469dcf202a1a0a\",\"name\":\"Julien Charnay\",\"image\":{\"@type\":\"ImageObject\",\"inLanguage\":\"fr-FR\",\"@id\":\"https:\/\/concept-345.fr\/#\/schema\/person\/image\/\",\"url\":\"https:\/\/secure.gravatar.com\/avatar\/8d8c00694ae7c205117cb97a7572b21e?s=96&d=mm&r=g\",\"contentUrl\":\"https:\/\/secure.gravatar.com\/avatar\/8d8c00694ae7c205117cb97a7572b21e?s=96&d=mm&r=g\",\"caption\":\"Julien Charnay\"},\"sameAs\":[\"http:\/\/concept-345.fr\"],\"url\":\"https:\/\/concept-345.fr\/index.php\/author\/julien\/\"}]}<\/script>\n<!-- \/ Yoast SEO plugin. -->","yoast_head_json":{"title":"CONCEPT345 a install\u00e9 un premier centre de taille de charpentes en Savoie - CONCEPT345","robots":{"index":"index","follow":"follow","max-snippet":"max-snippet:-1","max-image-preview":"max-image-preview:large","max-video-preview":"max-video-preview:-1"},"canonical":"https:\/\/concept-345.fr\/index.php\/2016\/05\/08\/concept-345-a-installe-un-premier-centre-de-taille-de-charpentes-en-savoie\/","og_locale":"fr_FR","og_type":"article","og_title":"CONCEPT345 a install\u00e9 un premier centre de taille de charpentes en Savoie - CONCEPT345","og_description":"Sp\u00e9cialis\u00e9e depuis 1996 dans la conception et la fabrication de machines sur mesure, la Sarl Ceica d\u00e9veloppe depuis 2010 sa gamme de centres de taille de charpente baptis\u00e9e Concept 345. Celle-ci est compos\u00e9e de trois machines : la Maxi\u2019Taille, la Flexi\u2019Taille et la Mini\u2019Taille qui partagent toutes trois le m\u00eame agr\u00e9gat polyvalent \u00e0 5 axesLire la suiteCONCEPT345 a install\u00e9 un premier centre de taille de charpentes en Savoie","og_url":"https:\/\/concept-345.fr\/index.php\/2016\/05\/08\/concept-345-a-installe-un-premier-centre-de-taille-de-charpentes-en-savoie\/","og_site_name":"CONCEPT345","article_published_time":"2016-05-08T10:31:34+00:00","article_modified_time":"2021-10-27T11:39:31+00:00","og_image":[{"width":620,"height":414,"url":"https:\/\/concept-345.fr\/wp-content\/uploads\/2016\/05\/20160412-ceica-concept-345-maxi-taille.jpg","type":"image\/jpeg"}],"author":"Julien Charnay","twitter_card":"summary_large_image","twitter_misc":{"\u00c9crit par":"Julien Charnay","Dur\u00e9e de lecture estim\u00e9e":"2 minutes"},"schema":{"@context":"https:\/\/schema.org","@graph":[{"@type":"WebPage","@id":"https:\/\/concept-345.fr\/index.php\/2016\/05\/08\/concept-345-a-installe-un-premier-centre-de-taille-de-charpentes-en-savoie\/","url":"https:\/\/concept-345.fr\/index.php\/2016\/05\/08\/concept-345-a-installe-un-premier-centre-de-taille-de-charpentes-en-savoie\/","name":"CONCEPT345 a install\u00e9 un premier centre de taille de charpentes en Savoie - CONCEPT345","isPartOf":{"@id":"https:\/\/concept-345.fr\/#website"},"datePublished":"2016-05-08T10:31:34+00:00","dateModified":"2021-10-27T11:39:31+00:00","author":{"@id":"https:\/\/concept-345.fr\/#\/schema\/person\/db77bd18e2479bfaaf469dcf202a1a0a"},"breadcrumb":{"@id":"https:\/\/concept-345.fr\/index.php\/2016\/05\/08\/concept-345-a-installe-un-premier-centre-de-taille-de-charpentes-en-savoie\/#breadcrumb"},"inLanguage":"fr-FR","potentialAction":[{"@type":"ReadAction","target":["https:\/\/concept-345.fr\/index.php\/2016\/05\/08\/concept-345-a-installe-un-premier-centre-de-taille-de-charpentes-en-savoie\/"]}]},{"@type":"BreadcrumbList","@id":"https:\/\/concept-345.fr\/index.php\/2016\/05\/08\/concept-345-a-installe-un-premier-centre-de-taille-de-charpentes-en-savoie\/#breadcrumb","itemListElement":[{"@type":"ListItem","position":1,"name":"Accueil","item":"https:\/\/concept-345.fr\/"},{"@type":"ListItem","position":2,"name":"CONCEPT345 a install\u00e9 un premier centre de taille de charpentes en Savoie"}]},{"@type":"WebSite","@id":"https:\/\/concept-345.fr\/#website","url":"https:\/\/concept-345.fr\/","name":"CONCEPT345","description":"FABRICANT FRAN\u00c7AIS DE CENTRE D&#039;USINAGE DE CHARPENTE BOIS","potentialAction":[{"@type":"SearchAction","target":{"@type":"EntryPoint","urlTemplate":"https:\/\/concept-345.fr\/?s={search_term_string}"},"query-input":"required name=search_term_string"}],"inLanguage":"fr-FR"},{"@type":"Person","@id":"https:\/\/concept-345.fr\/#\/schema\/person\/db77bd18e2479bfaaf469dcf202a1a0a","name":"Julien Charnay","image":{"@type":"ImageObject","inLanguage":"fr-FR","@id":"https:\/\/concept-345.fr\/#\/schema\/person\/image\/","url":"https:\/\/secure.gravatar.com\/avatar\/8d8c00694ae7c205117cb97a7572b21e?s=96&d=mm&r=g","contentUrl":"https:\/\/secure.gravatar.com\/avatar\/8d8c00694ae7c205117cb97a7572b21e?s=96&d=mm&r=g","caption":"Julien Charnay"},"sameAs":["http:\/\/concept-345.fr"],"url":"https:\/\/concept-345.fr\/index.php\/author\/julien\/"}]}},"_links":{"self":[{"href":"https:\/\/concept-345.fr\/index.php\/wp-json\/wp\/v2\/posts\/558"}],"collection":[{"href":"https:\/\/concept-345.fr\/index.php\/wp-json\/wp\/v2\/posts"}],"about":[{"href":"https:\/\/concept-345.fr\/index.php\/wp-json\/wp\/v2\/types\/post"}],"author":[{"embeddable":true,"href":"https:\/\/concept-345.fr\/index.php\/wp-json\/wp\/v2\/users\/4"}],"replies":[{"embeddable":true,"href":"https:\/\/concept-345.fr\/index.php\/wp-json\/wp\/v2\/comments?post=558"}],"version-history":[{"count":5,"href":"https:\/\/concept-345.fr\/index.php\/wp-json\/wp\/v2\/posts\/558\/revisions"}],"predecessor-version":[{"id":1100,"href":"https:\/\/concept-345.fr\/index.php\/wp-json\/wp\/v2\/posts\/558\/revisions\/1100"}],"wp:featuredmedia":[{"embeddable":true,"href":"https:\/\/concept-345.fr\/index.php\/wp-json\/wp\/v2\/media\/562"}],"wp:attachment":[{"href":"https:\/\/concept-345.fr\/index.php\/wp-json\/wp\/v2\/media?parent=558"}],"wp:term":[{"taxonomy":"category","embeddable":true,"href":"https:\/\/concept-345.fr\/index.php\/wp-json\/wp\/v2\/categories?post=558"},{"taxonomy":"post_tag","embeddable":true,"href":"https:\/\/concept-345.fr\/index.php\/wp-json\/wp\/v2\/tags?post=558"}],"curies":[{"name":"wp","href":"https:\/\/api.w.org\/{rel}","templated":true}]}}