{"id":567,"date":"2016-10-26T12:41:17","date_gmt":"2016-10-26T10:41:17","guid":{"rendered":"http:\/\/concept-345.fr\/?p=567"},"modified":"2021-10-27T13:40:34","modified_gmt":"2021-10-27T11:40:34","slug":"concept345-present-a-eurobois-2016","status":"publish","type":"post","link":"https:\/\/concept-345.fr\/index.php\/2016\/10\/26\/concept345-present-a-eurobois-2016\/","title":{"rendered":"CONCEPT345 pr\u00e9sent \u00e0 Eurobois 2016"},"content":{"rendered":"<div class=\"texavart\"><span style=\"color: #000000;\">Concept 345, fabricant fran\u00e7ais de centres d\u2019usinage de charpente bois \u00e0 commande num\u00e9riques sera l\u00e0 pour pr\u00e9senter ses produits et notamment sa derni\u00e8re machine baptis\u00e9 Mini\u2019Taille. La particularit\u00e9 de cette machine, avec les autres versions de la gamme que sont les Flexi\u2019Taille et Maxi\u2019Taille, est que celle-ci ne comporte pas l\u2019agr\u00e9gat scie, ce qui permet de proposer des prix tr\u00e8s attractifs tout en gardant toutes les possibilit\u00e9s d\u2019usinage. Une offre qui pla\u00eet puisque Concept 345 a install\u00e9 une premi\u00e8re Mini&#8217;Taille et qu&#8217;une deuxi\u00e8me est en cours de fabrication.<\/span><\/div>\n<p>&nbsp;<\/p>\n<div align=\"left\">\n<p><span style=\"color: #000000;\"><img decoding=\"async\" src=\"http:\/\/www.cmpbois.com\/photos\/20161026-concept345-mini-taille.jpg\" alt=\"Concept 345 salon Eurobois 2016 Mini'Taille\" width=\"620\" \/><\/span><\/p>\n<div class=\"legendphoto\"><span style=\"color: #000000;\">La Mini&#8217;Taille de Concept 345 est une machine de charpente \u00e9conomique d&#8217;entr\u00e9e de gamme \u00e0 chargement manuel.<\/span><br \/>\n<span style=\"color: #000000;\"> <i>cr\u00e9dit photo : Concept 345 &#8211; Sarl Ceica<\/i><\/span><\/div>\n<\/div>\n<div class=\"texavart\"><span style=\"color: #000000;\"><i>(26\/10\/2016)<\/i><\/span><\/div>\n<div><a href=\"http:\/\/www.cmpbois.com\/articles\/concept-345-mini-taille-eurobois-2016.html\">Cmp Bois<\/a><\/div>\n","protected":false},"excerpt":{"rendered":"<p>Concept 345, fabricant fran\u00e7ais de centres d\u2019usinage de charpente bois \u00e0 commande num\u00e9riques sera l\u00e0 pour pr\u00e9senter ses produits et notamment sa derni\u00e8re machine baptis\u00e9 Mini\u2019Taille. La particularit\u00e9 de cette machine, avec les autres versions de la gamme que sont les Flexi\u2019Taille et Maxi\u2019Taille, est que celle-ci ne comporte pas l\u2019agr\u00e9gat scie, ce qui permet<span class=\"read-more-wrap\"><a class=\"moretag\" href=\"https:\/\/concept-345.fr\/index.php\/2016\/10\/26\/concept345-present-a-eurobois-2016\/\">Lire la suite<span class=\"screen-reader-text\">CONCEPT345 pr\u00e9sent \u00e0 Eurobois 2016<\/span><\/a><\/span><\/p>\n","protected":false},"author":4,"featured_media":430,"comment_status":"closed","ping_status":"open","sticky":false,"template":"","format":"standard","meta":{"_mi_skip_tracking":false},"categories":[1],"tags":[21,20,15,16,17,18,22],"yoast_head":"<!-- This site is optimized with the Yoast SEO plugin v19.14 - https:\/\/yoast.com\/wordpress\/plugins\/seo\/ -->\n<title>CONCEPT345 pr\u00e9sent \u00e0 Eurobois 2016 - CONCEPT345<\/title>\n<meta name=\"robots\" content=\"index, follow, max-snippet:-1, max-image-preview:large, max-video-preview:-1\" \/>\n<link rel=\"canonical\" href=\"https:\/\/concept-345.fr\/index.php\/2016\/10\/26\/concept345-present-a-eurobois-2016\/\" \/>\n<meta property=\"og:locale\" content=\"fr_FR\" \/>\n<meta property=\"og:type\" content=\"article\" \/>\n<meta property=\"og:title\" content=\"CONCEPT345 pr\u00e9sent \u00e0 Eurobois 2016 - CONCEPT345\" \/>\n<meta property=\"og:description\" content=\"Concept 345, fabricant fran\u00e7ais de centres d\u2019usinage de charpente bois \u00e0 commande num\u00e9riques sera l\u00e0 pour pr\u00e9senter ses produits et notamment sa derni\u00e8re machine baptis\u00e9 Mini\u2019Taille. La particularit\u00e9 de cette machine, avec les autres versions de la gamme que sont les Flexi\u2019Taille et Maxi\u2019Taille, est que celle-ci ne comporte pas l\u2019agr\u00e9gat scie, ce qui permetLire la suiteCONCEPT345 pr\u00e9sent \u00e0 Eurobois 2016\" \/>\n<meta property=\"og:url\" content=\"https:\/\/concept-345.fr\/index.php\/2016\/10\/26\/concept345-present-a-eurobois-2016\/\" \/>\n<meta property=\"og:site_name\" content=\"CONCEPT345\" \/>\n<meta property=\"article:published_time\" content=\"2016-10-26T10:41:17+00:00\" \/>\n<meta property=\"article:modified_time\" content=\"2021-10-27T11:40:34+00:00\" \/>\n<meta property=\"og:image\" content=\"https:\/\/concept-345.fr\/wp-content\/uploads\/2017\/09\/Image-FLEXITAILLE.jpg\" \/>\n\t<meta property=\"og:image:width\" content=\"767\" \/>\n\t<meta property=\"og:image:height\" content=\"610\" \/>\n\t<meta property=\"og:image:type\" content=\"image\/jpeg\" \/>\n<meta name=\"author\" content=\"Julien Charnay\" \/>\n<meta name=\"twitter:card\" content=\"summary_large_image\" \/>\n<meta name=\"twitter:label1\" content=\"\u00c9crit par\" \/>\n\t<meta name=\"twitter:data1\" content=\"Julien Charnay\" \/>\n\t<meta name=\"twitter:label2\" content=\"Dur\u00e9e de lecture estim\u00e9e\" \/>\n\t<meta name=\"twitter:data2\" content=\"1 minute\" \/>\n<script type=\"application\/ld+json\" class=\"yoast-schema-graph\">{\"@context\":\"https:\/\/schema.org\",\"@graph\":[{\"@type\":\"WebPage\",\"@id\":\"https:\/\/concept-345.fr\/index.php\/2016\/10\/26\/concept345-present-a-eurobois-2016\/\",\"url\":\"https:\/\/concept-345.fr\/index.php\/2016\/10\/26\/concept345-present-a-eurobois-2016\/\",\"name\":\"CONCEPT345 pr\u00e9sent \u00e0 Eurobois 2016 - CONCEPT345\",\"isPartOf\":{\"@id\":\"https:\/\/concept-345.fr\/#website\"},\"datePublished\":\"2016-10-26T10:41:17+00:00\",\"dateModified\":\"2021-10-27T11:40:34+00:00\",\"author\":{\"@id\":\"https:\/\/concept-345.fr\/#\/schema\/person\/db77bd18e2479bfaaf469dcf202a1a0a\"},\"breadcrumb\":{\"@id\":\"https:\/\/concept-345.fr\/index.php\/2016\/10\/26\/concept345-present-a-eurobois-2016\/#breadcrumb\"},\"inLanguage\":\"fr-FR\",\"potentialAction\":[{\"@type\":\"ReadAction\",\"target\":[\"https:\/\/concept-345.fr\/index.php\/2016\/10\/26\/concept345-present-a-eurobois-2016\/\"]}]},{\"@type\":\"BreadcrumbList\",\"@id\":\"https:\/\/concept-345.fr\/index.php\/2016\/10\/26\/concept345-present-a-eurobois-2016\/#breadcrumb\",\"itemListElement\":[{\"@type\":\"ListItem\",\"position\":1,\"name\":\"Accueil\",\"item\":\"https:\/\/concept-345.fr\/\"},{\"@type\":\"ListItem\",\"position\":2,\"name\":\"CONCEPT345 pr\u00e9sent \u00e0 Eurobois 2016\"}]},{\"@type\":\"WebSite\",\"@id\":\"https:\/\/concept-345.fr\/#website\",\"url\":\"https:\/\/concept-345.fr\/\",\"name\":\"CONCEPT345\",\"description\":\"FABRICANT FRAN\u00c7AIS DE CENTRE D&#039;USINAGE DE CHARPENTE BOIS\",\"potentialAction\":[{\"@type\":\"SearchAction\",\"target\":{\"@type\":\"EntryPoint\",\"urlTemplate\":\"https:\/\/concept-345.fr\/?s={search_term_string}\"},\"query-input\":\"required name=search_term_string\"}],\"inLanguage\":\"fr-FR\"},{\"@type\":\"Person\",\"@id\":\"https:\/\/concept-345.fr\/#\/schema\/person\/db77bd18e2479bfaaf469dcf202a1a0a\",\"name\":\"Julien Charnay\",\"image\":{\"@type\":\"ImageObject\",\"inLanguage\":\"fr-FR\",\"@id\":\"https:\/\/concept-345.fr\/#\/schema\/person\/image\/\",\"url\":\"https:\/\/secure.gravatar.com\/avatar\/8d8c00694ae7c205117cb97a7572b21e?s=96&d=mm&r=g\",\"contentUrl\":\"https:\/\/secure.gravatar.com\/avatar\/8d8c00694ae7c205117cb97a7572b21e?s=96&d=mm&r=g\",\"caption\":\"Julien Charnay\"},\"sameAs\":[\"http:\/\/concept-345.fr\"],\"url\":\"https:\/\/concept-345.fr\/index.php\/author\/julien\/\"}]}<\/script>\n<!-- \/ Yoast SEO plugin. -->","yoast_head_json":{"title":"CONCEPT345 pr\u00e9sent \u00e0 Eurobois 2016 - CONCEPT345","robots":{"index":"index","follow":"follow","max-snippet":"max-snippet:-1","max-image-preview":"max-image-preview:large","max-video-preview":"max-video-preview:-1"},"canonical":"https:\/\/concept-345.fr\/index.php\/2016\/10\/26\/concept345-present-a-eurobois-2016\/","og_locale":"fr_FR","og_type":"article","og_title":"CONCEPT345 pr\u00e9sent \u00e0 Eurobois 2016 - CONCEPT345","og_description":"Concept 345, fabricant fran\u00e7ais de centres d\u2019usinage de charpente bois \u00e0 commande num\u00e9riques sera l\u00e0 pour pr\u00e9senter ses produits et notamment sa derni\u00e8re machine baptis\u00e9 Mini\u2019Taille. La particularit\u00e9 de cette machine, avec les autres versions de la gamme que sont les Flexi\u2019Taille et Maxi\u2019Taille, est que celle-ci ne comporte pas l\u2019agr\u00e9gat scie, ce qui permetLire la suiteCONCEPT345 pr\u00e9sent \u00e0 Eurobois 2016","og_url":"https:\/\/concept-345.fr\/index.php\/2016\/10\/26\/concept345-present-a-eurobois-2016\/","og_site_name":"CONCEPT345","article_published_time":"2016-10-26T10:41:17+00:00","article_modified_time":"2021-10-27T11:40:34+00:00","og_image":[{"width":767,"height":610,"url":"https:\/\/concept-345.fr\/wp-content\/uploads\/2017\/09\/Image-FLEXITAILLE.jpg","type":"image\/jpeg"}],"author":"Julien Charnay","twitter_card":"summary_large_image","twitter_misc":{"\u00c9crit par":"Julien Charnay","Dur\u00e9e de lecture estim\u00e9e":"1 minute"},"schema":{"@context":"https:\/\/schema.org","@graph":[{"@type":"WebPage","@id":"https:\/\/concept-345.fr\/index.php\/2016\/10\/26\/concept345-present-a-eurobois-2016\/","url":"https:\/\/concept-345.fr\/index.php\/2016\/10\/26\/concept345-present-a-eurobois-2016\/","name":"CONCEPT345 pr\u00e9sent \u00e0 Eurobois 2016 - CONCEPT345","isPartOf":{"@id":"https:\/\/concept-345.fr\/#website"},"datePublished":"2016-10-26T10:41:17+00:00","dateModified":"2021-10-27T11:40:34+00:00","author":{"@id":"https:\/\/concept-345.fr\/#\/schema\/person\/db77bd18e2479bfaaf469dcf202a1a0a"},"breadcrumb":{"@id":"https:\/\/concept-345.fr\/index.php\/2016\/10\/26\/concept345-present-a-eurobois-2016\/#breadcrumb"},"inLanguage":"fr-FR","potentialAction":[{"@type":"ReadAction","target":["https:\/\/concept-345.fr\/index.php\/2016\/10\/26\/concept345-present-a-eurobois-2016\/"]}]},{"@type":"BreadcrumbList","@id":"https:\/\/concept-345.fr\/index.php\/2016\/10\/26\/concept345-present-a-eurobois-2016\/#breadcrumb","itemListElement":[{"@type":"ListItem","position":1,"name":"Accueil","item":"https:\/\/concept-345.fr\/"},{"@type":"ListItem","position":2,"name":"CONCEPT345 pr\u00e9sent \u00e0 Eurobois 2016"}]},{"@type":"WebSite","@id":"https:\/\/concept-345.fr\/#website","url":"https:\/\/concept-345.fr\/","name":"CONCEPT345","description":"FABRICANT FRAN\u00c7AIS DE CENTRE D&#039;USINAGE DE CHARPENTE BOIS","potentialAction":[{"@type":"SearchAction","target":{"@type":"EntryPoint","urlTemplate":"https:\/\/concept-345.fr\/?s={search_term_string}"},"query-input":"required name=search_term_string"}],"inLanguage":"fr-FR"},{"@type":"Person","@id":"https:\/\/concept-345.fr\/#\/schema\/person\/db77bd18e2479bfaaf469dcf202a1a0a","name":"Julien Charnay","image":{"@type":"ImageObject","inLanguage":"fr-FR","@id":"https:\/\/concept-345.fr\/#\/schema\/person\/image\/","url":"https:\/\/secure.gravatar.com\/avatar\/8d8c00694ae7c205117cb97a7572b21e?s=96&d=mm&r=g","contentUrl":"https:\/\/secure.gravatar.com\/avatar\/8d8c00694ae7c205117cb97a7572b21e?s=96&d=mm&r=g","caption":"Julien Charnay"},"sameAs":["http:\/\/concept-345.fr"],"url":"https:\/\/concept-345.fr\/index.php\/author\/julien\/"}]}},"_links":{"self":[{"href":"https:\/\/concept-345.fr\/index.php\/wp-json\/wp\/v2\/posts\/567"}],"collection":[{"href":"https:\/\/concept-345.fr\/index.php\/wp-json\/wp\/v2\/posts"}],"about":[{"href":"https:\/\/concept-345.fr\/index.php\/wp-json\/wp\/v2\/types\/post"}],"author":[{"embeddable":true,"href":"https:\/\/concept-345.fr\/index.php\/wp-json\/wp\/v2\/users\/4"}],"replies":[{"embeddable":true,"href":"https:\/\/concept-345.fr\/index.php\/wp-json\/wp\/v2\/comments?post=567"}],"version-history":[{"count":4,"href":"https:\/\/concept-345.fr\/index.php\/wp-json\/wp\/v2\/posts\/567\/revisions"}],"predecessor-version":[{"id":1101,"href":"https:\/\/concept-345.fr\/index.php\/wp-json\/wp\/v2\/posts\/567\/revisions\/1101"}],"wp:featuredmedia":[{"embeddable":true,"href":"https:\/\/concept-345.fr\/index.php\/wp-json\/wp\/v2\/media\/430"}],"wp:attachment":[{"href":"https:\/\/concept-345.fr\/index.php\/wp-json\/wp\/v2\/media?parent=567"}],"wp:term":[{"taxonomy":"category","embeddable":true,"href":"https:\/\/concept-345.fr\/index.php\/wp-json\/wp\/v2\/categories?post=567"},{"taxonomy":"post_tag","embeddable":true,"href":"https:\/\/concept-345.fr\/index.php\/wp-json\/wp\/v2\/tags?post=567"}],"curies":[{"name":"wp","href":"https:\/\/api.w.org\/{rel}","templated":true}]}}