{"id":577,"date":"2017-01-19T12:52:07","date_gmt":"2017-01-19T11:52:07","guid":{"rendered":"http:\/\/concept-345.fr\/?p=577"},"modified":"2017-11-07T13:51:21","modified_gmt":"2017-11-07T12:51:21","slug":"une-nouvelle-offre-de-centres-dusinage-de-charpente","status":"publish","type":"post","link":"https:\/\/concept-345.fr\/index.php\/2017\/01\/19\/une-nouvelle-offre-de-centres-dusinage-de-charpente\/","title":{"rendered":"Une nouvelle offre de centres d&#8217;usinage de charpente"},"content":{"rendered":"<div class=\"texavart\"><span style=\"color: #000000;\">Concept 345, nouveau fabricant fran\u00e7ais de centres d\u2019usinage de charpente bois \u00e0 commande num\u00e9riques \u00e9tait pr\u00e9sent \u00e0 Lyon pour son premier salon Eurobois. L&#8217;\u00e9v\u00e9nement a \u00e9t\u00e9 l&#8217;occasion de pr\u00e9senter sa gamme de machines Mini&#8217;Taille, Flexi&#8217;Taille et Maxi&#8217;Taille, bas\u00e9es sur un agr\u00e9gat de taille \u00e0 cinq axes et changement d&#8217;outil automatique compl\u00e9t\u00e9 selon les mod\u00e8les par des options d&#8217;automatisation, d&#8217;outillage et d&#8217;entra\u00eenement tr\u00e8s vari\u00e9es et modulables.<\/span><\/div>\n<p>&nbsp;<\/p>\n<div align=\"left\">\n<p><span style=\"color: #000000;\"><img decoding=\"async\" src=\"http:\/\/www.cmpbois.com\/photos\/20160412-ceica-concept-345-maxi-taille.jpg\" alt=\"Concept 345 Sarl Ceica Eurobois 2016\" width=\"620\" \/><\/span><\/p>\n<div class=\"legendphoto\"><span style=\"color: #000000;\">Equip\u00e9e d\u2019un syst\u00e8me d\u2019entra\u00eenement \u00e0 pinces, la Maxi\u2019Taille usine des sections allant jusqu\u2019\u00e0 250 x 600 mm et dispose d\u2019une scie sous table qui peut \u00eatre compl\u00e9t\u00e9e par un agr\u00e9gat 5 axes dot\u00e9 d\u2019une cha\u00eene \u00e0 mortaiser.<\/span><br \/>\n<span style=\"color: #000000;\"> <i>cr\u00e9dit photo : Concept 345<\/i><\/span><\/div>\n<\/div>\n<div class=\"texavart\">\n<p><br class=\"clearfloat\" \/><span style=\"font-family: Arial, Helvetica, sans-serif; font-size: medium; color: #000000;\"><b>Si les premi\u00e8res machines Concept 345 ont \u00e9t\u00e9 install\u00e9es en 2016, elles s&#8217;appuient n\u00e9anmoins sur les 20 ans d&#8217;exp\u00e9rience de la Sarl Ceica.<\/b><\/span><\/p>\n<p><span style=\"color: #000000;\">Sp\u00e9cialis\u00e9e depuis 1996 dans la conception et la fabrication de machines sur mesure, la Sarl Ceica d\u00e9veloppe depuis 2010 sa gamme de centres de taille de charpente baptis\u00e9e Concept 345. Install\u00e9e en Sa\u00f4ne-et-Loire, l\u2019entreprise Ceica fabrique sur place et r\u00e9alise ses machines ainsi que l\u2019ensemble de la partie logiciel de pilotage avec une interface conviviale directement programmable ou interfac\u00e9e avec tous les logiciels du march\u00e9 au format BTL.<i>\u00a0(19\/01\/2017)<\/i><\/span><\/p>\n<\/div>\n<div><\/div>\n<div><a href=\"http:\/\/www.cmpbois.com\/articles\/concept-345-sarl-ceica-eurobois-2016.html\">Cmp Bois<\/a><\/div>\n","protected":false},"excerpt":{"rendered":"<p>Concept 345, nouveau fabricant fran\u00e7ais de centres d\u2019usinage de charpente bois \u00e0 commande num\u00e9riques \u00e9tait pr\u00e9sent \u00e0 Lyon pour son premier salon Eurobois. L&#8217;\u00e9v\u00e9nement a \u00e9t\u00e9 l&#8217;occasion de pr\u00e9senter sa gamme de machines Mini&#8217;Taille, Flexi&#8217;Taille et Maxi&#8217;Taille, bas\u00e9es sur un agr\u00e9gat de taille \u00e0 cinq axes et changement d&#8217;outil automatique compl\u00e9t\u00e9 selon les mod\u00e8les par<span class=\"read-more-wrap\"><a class=\"moretag\" href=\"https:\/\/concept-345.fr\/index.php\/2017\/01\/19\/une-nouvelle-offre-de-centres-dusinage-de-charpente\/\">Lire la suite<span class=\"screen-reader-text\">Une nouvelle offre de centres d&#8217;usinage de charpente<\/span><\/a><\/span><\/p>\n","protected":false},"author":4,"featured_media":431,"comment_status":"closed","ping_status":"open","sticky":false,"template":"","format":"standard","meta":{"_mi_skip_tracking":false},"categories":[1],"tags":[23,21,25,26,16,27,28,17,24,18,22],"yoast_head":"<!-- This site is optimized with the Yoast SEO plugin v19.14 - https:\/\/yoast.com\/wordpress\/plugins\/seo\/ -->\n<title>Une nouvelle offre de centres d&#039;usinage de charpente - CONCEPT345<\/title>\n<meta name=\"robots\" content=\"index, follow, max-snippet:-1, max-image-preview:large, max-video-preview:-1\" \/>\n<link rel=\"canonical\" href=\"https:\/\/concept-345.fr\/index.php\/2017\/01\/19\/une-nouvelle-offre-de-centres-dusinage-de-charpente\/\" \/>\n<meta property=\"og:locale\" content=\"fr_FR\" \/>\n<meta property=\"og:type\" content=\"article\" \/>\n<meta property=\"og:title\" content=\"Une nouvelle offre de centres d&#039;usinage de charpente - CONCEPT345\" \/>\n<meta property=\"og:description\" content=\"Concept 345, nouveau fabricant fran\u00e7ais de centres d\u2019usinage de charpente bois \u00e0 commande num\u00e9riques \u00e9tait pr\u00e9sent \u00e0 Lyon pour son premier salon Eurobois. L&#8217;\u00e9v\u00e9nement a \u00e9t\u00e9 l&#8217;occasion de pr\u00e9senter sa gamme de machines Mini&#8217;Taille, Flexi&#8217;Taille et Maxi&#8217;Taille, bas\u00e9es sur un agr\u00e9gat de taille \u00e0 cinq axes et changement d&#8217;outil automatique compl\u00e9t\u00e9 selon les mod\u00e8les parLire la suiteUne nouvelle offre de centres d&#8217;usinage de charpente\" \/>\n<meta property=\"og:url\" content=\"https:\/\/concept-345.fr\/index.php\/2017\/01\/19\/une-nouvelle-offre-de-centres-dusinage-de-charpente\/\" \/>\n<meta property=\"og:site_name\" content=\"CONCEPT345\" \/>\n<meta property=\"article:published_time\" content=\"2017-01-19T11:52:07+00:00\" \/>\n<meta property=\"article:modified_time\" content=\"2017-11-07T12:51:21+00:00\" \/>\n<meta property=\"og:image\" content=\"https:\/\/concept-345.fr\/wp-content\/uploads\/2017\/09\/Image-MINI.png\" \/>\n\t<meta property=\"og:image:width\" content=\"886\" \/>\n\t<meta property=\"og:image:height\" content=\"591\" \/>\n\t<meta property=\"og:image:type\" content=\"image\/png\" \/>\n<meta name=\"author\" content=\"Julien Charnay\" \/>\n<meta name=\"twitter:card\" content=\"summary_large_image\" \/>\n<meta name=\"twitter:label1\" content=\"\u00c9crit par\" \/>\n\t<meta name=\"twitter:data1\" content=\"Julien Charnay\" \/>\n\t<meta name=\"twitter:label2\" content=\"Dur\u00e9e de lecture estim\u00e9e\" \/>\n\t<meta name=\"twitter:data2\" content=\"1 minute\" \/>\n<script type=\"application\/ld+json\" class=\"yoast-schema-graph\">{\"@context\":\"https:\/\/schema.org\",\"@graph\":[{\"@type\":\"WebPage\",\"@id\":\"https:\/\/concept-345.fr\/index.php\/2017\/01\/19\/une-nouvelle-offre-de-centres-dusinage-de-charpente\/\",\"url\":\"https:\/\/concept-345.fr\/index.php\/2017\/01\/19\/une-nouvelle-offre-de-centres-dusinage-de-charpente\/\",\"name\":\"Une nouvelle offre de centres d'usinage de charpente - CONCEPT345\",\"isPartOf\":{\"@id\":\"https:\/\/concept-345.fr\/#website\"},\"datePublished\":\"2017-01-19T11:52:07+00:00\",\"dateModified\":\"2017-11-07T12:51:21+00:00\",\"author\":{\"@id\":\"https:\/\/concept-345.fr\/#\/schema\/person\/db77bd18e2479bfaaf469dcf202a1a0a\"},\"breadcrumb\":{\"@id\":\"https:\/\/concept-345.fr\/index.php\/2017\/01\/19\/une-nouvelle-offre-de-centres-dusinage-de-charpente\/#breadcrumb\"},\"inLanguage\":\"fr-FR\",\"potentialAction\":[{\"@type\":\"ReadAction\",\"target\":[\"https:\/\/concept-345.fr\/index.php\/2017\/01\/19\/une-nouvelle-offre-de-centres-dusinage-de-charpente\/\"]}]},{\"@type\":\"BreadcrumbList\",\"@id\":\"https:\/\/concept-345.fr\/index.php\/2017\/01\/19\/une-nouvelle-offre-de-centres-dusinage-de-charpente\/#breadcrumb\",\"itemListElement\":[{\"@type\":\"ListItem\",\"position\":1,\"name\":\"Accueil\",\"item\":\"https:\/\/concept-345.fr\/\"},{\"@type\":\"ListItem\",\"position\":2,\"name\":\"Une nouvelle offre de centres d&#8217;usinage de charpente\"}]},{\"@type\":\"WebSite\",\"@id\":\"https:\/\/concept-345.fr\/#website\",\"url\":\"https:\/\/concept-345.fr\/\",\"name\":\"CONCEPT345\",\"description\":\"FABRICANT FRAN\u00c7AIS DE CENTRE D&#039;USINAGE DE CHARPENTE BOIS\",\"potentialAction\":[{\"@type\":\"SearchAction\",\"target\":{\"@type\":\"EntryPoint\",\"urlTemplate\":\"https:\/\/concept-345.fr\/?s={search_term_string}\"},\"query-input\":\"required name=search_term_string\"}],\"inLanguage\":\"fr-FR\"},{\"@type\":\"Person\",\"@id\":\"https:\/\/concept-345.fr\/#\/schema\/person\/db77bd18e2479bfaaf469dcf202a1a0a\",\"name\":\"Julien Charnay\",\"image\":{\"@type\":\"ImageObject\",\"inLanguage\":\"fr-FR\",\"@id\":\"https:\/\/concept-345.fr\/#\/schema\/person\/image\/\",\"url\":\"https:\/\/secure.gravatar.com\/avatar\/8d8c00694ae7c205117cb97a7572b21e?s=96&d=mm&r=g\",\"contentUrl\":\"https:\/\/secure.gravatar.com\/avatar\/8d8c00694ae7c205117cb97a7572b21e?s=96&d=mm&r=g\",\"caption\":\"Julien Charnay\"},\"sameAs\":[\"http:\/\/concept-345.fr\"],\"url\":\"https:\/\/concept-345.fr\/index.php\/author\/julien\/\"}]}<\/script>\n<!-- \/ Yoast SEO plugin. -->","yoast_head_json":{"title":"Une nouvelle offre de centres d'usinage de charpente - CONCEPT345","robots":{"index":"index","follow":"follow","max-snippet":"max-snippet:-1","max-image-preview":"max-image-preview:large","max-video-preview":"max-video-preview:-1"},"canonical":"https:\/\/concept-345.fr\/index.php\/2017\/01\/19\/une-nouvelle-offre-de-centres-dusinage-de-charpente\/","og_locale":"fr_FR","og_type":"article","og_title":"Une nouvelle offre de centres d'usinage de charpente - CONCEPT345","og_description":"Concept 345, nouveau fabricant fran\u00e7ais de centres d\u2019usinage de charpente bois \u00e0 commande num\u00e9riques \u00e9tait pr\u00e9sent \u00e0 Lyon pour son premier salon Eurobois. L&#8217;\u00e9v\u00e9nement a \u00e9t\u00e9 l&#8217;occasion de pr\u00e9senter sa gamme de machines Mini&#8217;Taille, Flexi&#8217;Taille et Maxi&#8217;Taille, bas\u00e9es sur un agr\u00e9gat de taille \u00e0 cinq axes et changement d&#8217;outil automatique compl\u00e9t\u00e9 selon les mod\u00e8les parLire la suiteUne nouvelle offre de centres d&#8217;usinage de charpente","og_url":"https:\/\/concept-345.fr\/index.php\/2017\/01\/19\/une-nouvelle-offre-de-centres-dusinage-de-charpente\/","og_site_name":"CONCEPT345","article_published_time":"2017-01-19T11:52:07+00:00","article_modified_time":"2017-11-07T12:51:21+00:00","og_image":[{"width":886,"height":591,"url":"https:\/\/concept-345.fr\/wp-content\/uploads\/2017\/09\/Image-MINI.png","type":"image\/png"}],"author":"Julien Charnay","twitter_card":"summary_large_image","twitter_misc":{"\u00c9crit par":"Julien Charnay","Dur\u00e9e de lecture estim\u00e9e":"1 minute"},"schema":{"@context":"https:\/\/schema.org","@graph":[{"@type":"WebPage","@id":"https:\/\/concept-345.fr\/index.php\/2017\/01\/19\/une-nouvelle-offre-de-centres-dusinage-de-charpente\/","url":"https:\/\/concept-345.fr\/index.php\/2017\/01\/19\/une-nouvelle-offre-de-centres-dusinage-de-charpente\/","name":"Une nouvelle offre de centres d'usinage de charpente - CONCEPT345","isPartOf":{"@id":"https:\/\/concept-345.fr\/#website"},"datePublished":"2017-01-19T11:52:07+00:00","dateModified":"2017-11-07T12:51:21+00:00","author":{"@id":"https:\/\/concept-345.fr\/#\/schema\/person\/db77bd18e2479bfaaf469dcf202a1a0a"},"breadcrumb":{"@id":"https:\/\/concept-345.fr\/index.php\/2017\/01\/19\/une-nouvelle-offre-de-centres-dusinage-de-charpente\/#breadcrumb"},"inLanguage":"fr-FR","potentialAction":[{"@type":"ReadAction","target":["https:\/\/concept-345.fr\/index.php\/2017\/01\/19\/une-nouvelle-offre-de-centres-dusinage-de-charpente\/"]}]},{"@type":"BreadcrumbList","@id":"https:\/\/concept-345.fr\/index.php\/2017\/01\/19\/une-nouvelle-offre-de-centres-dusinage-de-charpente\/#breadcrumb","itemListElement":[{"@type":"ListItem","position":1,"name":"Accueil","item":"https:\/\/concept-345.fr\/"},{"@type":"ListItem","position":2,"name":"Une nouvelle offre de centres d&#8217;usinage de charpente"}]},{"@type":"WebSite","@id":"https:\/\/concept-345.fr\/#website","url":"https:\/\/concept-345.fr\/","name":"CONCEPT345","description":"FABRICANT FRAN\u00c7AIS DE CENTRE D&#039;USINAGE DE CHARPENTE BOIS","potentialAction":[{"@type":"SearchAction","target":{"@type":"EntryPoint","urlTemplate":"https:\/\/concept-345.fr\/?s={search_term_string}"},"query-input":"required name=search_term_string"}],"inLanguage":"fr-FR"},{"@type":"Person","@id":"https:\/\/concept-345.fr\/#\/schema\/person\/db77bd18e2479bfaaf469dcf202a1a0a","name":"Julien Charnay","image":{"@type":"ImageObject","inLanguage":"fr-FR","@id":"https:\/\/concept-345.fr\/#\/schema\/person\/image\/","url":"https:\/\/secure.gravatar.com\/avatar\/8d8c00694ae7c205117cb97a7572b21e?s=96&d=mm&r=g","contentUrl":"https:\/\/secure.gravatar.com\/avatar\/8d8c00694ae7c205117cb97a7572b21e?s=96&d=mm&r=g","caption":"Julien Charnay"},"sameAs":["http:\/\/concept-345.fr"],"url":"https:\/\/concept-345.fr\/index.php\/author\/julien\/"}]}},"_links":{"self":[{"href":"https:\/\/concept-345.fr\/index.php\/wp-json\/wp\/v2\/posts\/577"}],"collection":[{"href":"https:\/\/concept-345.fr\/index.php\/wp-json\/wp\/v2\/posts"}],"about":[{"href":"https:\/\/concept-345.fr\/index.php\/wp-json\/wp\/v2\/types\/post"}],"author":[{"embeddable":true,"href":"https:\/\/concept-345.fr\/index.php\/wp-json\/wp\/v2\/users\/4"}],"replies":[{"embeddable":true,"href":"https:\/\/concept-345.fr\/index.php\/wp-json\/wp\/v2\/comments?post=577"}],"version-history":[{"count":3,"href":"https:\/\/concept-345.fr\/index.php\/wp-json\/wp\/v2\/posts\/577\/revisions"}],"predecessor-version":[{"id":777,"href":"https:\/\/concept-345.fr\/index.php\/wp-json\/wp\/v2\/posts\/577\/revisions\/777"}],"wp:featuredmedia":[{"embeddable":true,"href":"https:\/\/concept-345.fr\/index.php\/wp-json\/wp\/v2\/media\/431"}],"wp:attachment":[{"href":"https:\/\/concept-345.fr\/index.php\/wp-json\/wp\/v2\/media?parent=577"}],"wp:term":[{"taxonomy":"category","embeddable":true,"href":"https:\/\/concept-345.fr\/index.php\/wp-json\/wp\/v2\/categories?post=577"},{"taxonomy":"post_tag","embeddable":true,"href":"https:\/\/concept-345.fr\/index.php\/wp-json\/wp\/v2\/tags?post=577"}],"curies":[{"name":"wp","href":"https:\/\/api.w.org\/{rel}","templated":true}]}}